{"id":786,"date":"2012-04-09T07:13:37","date_gmt":"2012-04-09T06:13:37","guid":{"rendered":"http:\/\/www.pihike.com\/?p=786"},"modified":"2012-04-09T07:13:37","modified_gmt":"2012-04-09T06:13:37","slug":"lukatsi-vilma-akkor-mi-lesz","status":"publish","type":"post","link":"https:\/\/www.pihike.com\/?p=786","title":{"rendered":"Luk\u00e1tsi Vilma: AKKOR &#8230; MI LESZ?"},"content":{"rendered":"<p>Egyre t\u00f6bbet tud m\u00e1r az ember,<\/p>\n<p> sz\u00e9d\u00edt\u0151 tr\u00f3non \u00fcl az \u00e9rtelem,<\/p>\n<p> el\u0151tte m\u00e9g megsz\u00f3lalni sem mer,<\/p>\n<p> len\u00e9zett koldus lett az \u00e9rzelem&#8230;<\/p>\n<p> Mindenkinek a zsarnok parancsol,<\/p>\n<p> a szint\u00e9n tr\u00f3nra emelt \u00f6nmaga,<\/p>\n<p> \u00e9rte s\u00fcketen \u00e9s vakon harcol<\/p>\n<p> kegyetlen\u00fcl. Egy &#8222;\u00faj kor&#8221; hajnala<\/p>\n<p> k\u00e1b\u00edtja el, ha riadtan meg\u00e1ll,<\/p>\n<p> mert f\u00e9l. Att\u00f3l, hogy ez m\u00e1r a hal\u00e1l?!<\/p>\n<p> \u00c9s tan\u00e1cstalan sodr\u00f3dik tov\u00e1bb<\/p>\n<p> a g\u00e9pcsod\u00e1kat alkot\u00f3 vil\u00e1g.<\/p>\n<p> Az Istent eltemette: s\u00edrba z\u00e1rta,<\/p>\n<p> &#8230; t\u00f6vissel ma m\u00e1r nem koron\u00e1zza,<\/p>\n<p> ink\u00e1bb &#8230; nevetni pr\u00f3b\u00e1l f\u00f6l\u00f6tte<\/p>\n<p> a komputer-kor torzult sz\u00fcl\u00f6tte.<\/p>\n<p> Tal\u00e1n \u0151riztetn\u00e9 is a kript\u00e1t,<\/p>\n<p> mert &#8230; ha m\u00e9gis igaz lenne mindaz,<\/p>\n<p> amit len\u00e9z, mint a hiv\u0151k titk\u00e1t,<\/p>\n<p> de amir\u0151l n\u00e9ha-n\u00e9ha h\u00edrt ad<\/p>\n<p> az eln\u00e9m\u00edtott lelkiismeret,<\/p>\n<p> hogy &#8211; harmadnapra a s\u00edr \u00fcres lett!<\/p>\n<p> S az Isten m\u00e9gis &#8230; \u00e9s m\u00e9g ma is \u00e9l,<\/p>\n<p> a Bibli\u00e1ban \u0150 \u00fczen, besz\u00e9l&#8230;<\/p>\n<p> Akkor &#8230; mi lesz? &#8211; Azt nem lehet le\u00edrni!<\/p>\n<p> A Felt\u00e1madottban hinni kell,<\/p>\n<p> hinni, hinni!<\/p>\n","protected":false},"excerpt":{"rendered":"<p>Egyre t\u00f6bbet tud m\u00e1r az ember, sz\u00e9d\u00edt\u0151 tr\u00f3non \u00fcl az \u00e9rtelem, el\u0151tte m\u00e9g megsz\u00f3lalni sem mer, len\u00e9zett koldus lett az \u00e9rzelem&#8230; Mindenkinek a zsarnok parancsol, a szint\u00e9n tr\u00f3nra emelt \u00f6nmaga, \u00e9rte s\u00fcketen \u00e9s vakon harcol kegyetlen\u00fcl. Egy &#8222;\u00faj kor&#8221; hajnala k\u00e1b\u00edtja el, ha riadtan meg\u00e1ll, mert f\u00e9l. Att\u00f3l, hogy ez m\u00e1r a hal\u00e1l?! \u00c9s tan\u00e1cstalan [&hellip;]<\/p>\n","protected":false},"author":1,"featured_media":787,"comment_status":"open","ping_status":"open","sticky":false,"template":"","format":"standard","meta":{"footnotes":""},"categories":[1],"tags":[],"class_list":["post-786","post","type-post","status-publish","format-standard","has-post-thumbnail","hentry","category-nincs-kategorizalva"],"_links":{"self":[{"href":"https:\/\/www.pihike.com\/index.php?rest_route=\/wp\/v2\/posts\/786"}],"collection":[{"href":"https:\/\/www.pihike.com\/index.php?rest_route=\/wp\/v2\/posts"}],"about":[{"href":"https:\/\/www.pihike.com\/index.php?rest_route=\/wp\/v2\/types\/post"}],"author":[{"embeddable":true,"href":"https:\/\/www.pihike.com\/index.php?rest_route=\/wp\/v2\/users\/1"}],"replies":[{"embeddable":true,"href":"https:\/\/www.pihike.com\/index.php?rest_route=%2Fwp%2Fv2%2Fcomments&post=786"}],"version-history":[{"count":1,"href":"https:\/\/www.pihike.com\/index.php?rest_route=\/wp\/v2\/posts\/786\/revisions"}],"predecessor-version":[{"id":788,"href":"https:\/\/www.pihike.com\/index.php?rest_route=\/wp\/v2\/posts\/786\/revisions\/788"}],"wp:featuredmedia":[{"embeddable":true,"href":"https:\/\/www.pihike.com\/index.php?rest_route=\/wp\/v2\/media\/787"}],"wp:attachment":[{"href":"https:\/\/www.pihike.com\/index.php?rest_route=%2Fwp%2Fv2%2Fmedia&parent=786"}],"wp:term":[{"taxonomy":"category","embeddable":true,"href":"https:\/\/www.pihike.com\/index.php?rest_route=%2Fwp%2Fv2%2Fcategories&post=786"},{"taxonomy":"post_tag","embeddable":true,"href":"https:\/\/www.pihike.com\/index.php?rest_route=%2Fwp%2Fv2%2Ftags&post=786"}],"curies":[{"name":"wp","href":"https:\/\/api.w.org\/{rel}","templated":true}]}}