{"id":697,"date":"2012-03-30T05:56:26","date_gmt":"2012-03-30T04:56:26","guid":{"rendered":"http:\/\/www.pihike.com\/?p=697"},"modified":"2012-03-30T05:56:26","modified_gmt":"2012-03-30T04:56:26","slug":"anthony-de-mello","status":"publish","type":"post","link":"https:\/\/www.pihike.com\/?p=697","title":{"rendered":"Anthony de Mello"},"content":{"rendered":"<p>A lelki keres\u00e9s t\u00e1vols\u00e1g n\u00e9lk\u00fcli utaz\u00e1s. Elindulsz a pillanatnyi helyedt\u0151l oda, ahol mindig is volt\u00e1l. A tudatlans\u00e1gt\u00f3l a fel\u00e9bred\u00e9sig, mert csak annyi t\u00f6rt\u00e9nik, hogy \u00e9letedben el\u0151sz\u00f6r megpillantod, amit eg\u00e9sz \u00e9letben l\u00e1tt\u00e1l.<br \/>\nKi hallott m\u00e1r arr\u00f3l az \u00f6sv\u00e9nyr\u0151l, ami \u00f6nmagadhoz vezet, vagy arr\u00f3l a m\u00f3dszerr\u0151l, amely azz\u00e1 tesz, ami mindig is volt\u00e1l? A lelkis\u00e9g v\u00e9gs\u0151 soron, nem m\u00e1s, mint hogy azz\u00e1 v\u00e1lsz, ami val\u00f3j\u00e1ban vagy.Egy fiatalembert megsz\u00e1llt az Igazs\u00e1g keres\u00e9s\u00e9nek a gondolata, ez\u00e9rt elhagyta csal\u00e1dj\u00e1t \u00e9s bar\u00e1tait, elindult az Igazs\u00e1g keres\u00e9s\u00e9re. Kereszt\u00fclutazott sok orsz\u00e1gon, \u00e1tszelt sok \u00f3ce\u00e1nt, rengeteg hegyet megm\u00e1szott, \u00e9s mindent \u00f6sszevetve sok neh\u00e9zs\u00e9g \u00e9s szenved\u00e9s \u00e9rte.<br \/>\nEgy nap r\u00e1\u00e9bredt, hogy m\u00e1r hetven\u00f6t \u00e9ves, \u00e9s m\u00e9g mindig nem tal\u00e1lta meg a keresett Igazs\u00e1got. Szomor\u00faan elhat\u00e1rozta h\u00e1t, hogy felhagy a keres\u00e9ssel \u00e9s hazamegy.<br \/>\nH\u00f3napokba telt, mire sz\u00fcl\u0151v\u00e1ros\u00e1ba \u00e9rt, hiszen m\u00e1r id\u0151s volt. Amikor haza\u00e9rt, kinyitotta a h\u00e1z kapuj\u00e1t &#8211; \u00e9s ott tal\u00e1lta az Igazs\u00e1got, aki t\u00fcrelmesen v\u00e1rt r\u00e1 annyi \u00e9ven kereszt\u00fcl. <\/p>\n","protected":false},"excerpt":{"rendered":"<p>A lelki keres\u00e9s t\u00e1vols\u00e1g n\u00e9lk\u00fcli utaz\u00e1s. Elindulsz a pillanatnyi helyedt\u0151l oda, ahol mindig is volt\u00e1l. A tudatlans\u00e1gt\u00f3l a fel\u00e9bred\u00e9sig, mert csak annyi t\u00f6rt\u00e9nik, hogy \u00e9letedben el\u0151sz\u00f6r megpillantod, amit eg\u00e9sz \u00e9letben l\u00e1tt\u00e1l. Ki hallott m\u00e1r arr\u00f3l az \u00f6sv\u00e9nyr\u0151l, ami \u00f6nmagadhoz vezet, vagy arr\u00f3l a m\u00f3dszerr\u0151l, amely azz\u00e1 tesz, ami mindig is volt\u00e1l? A lelkis\u00e9g v\u00e9gs\u0151 soron, [&hellip;]<\/p>\n","protected":false},"author":1,"featured_media":698,"comment_status":"open","ping_status":"open","sticky":false,"template":"","format":"standard","meta":{"footnotes":""},"categories":[1],"tags":[],"class_list":["post-697","post","type-post","status-publish","format-standard","has-post-thumbnail","hentry","category-nincs-kategorizalva"],"_links":{"self":[{"href":"https:\/\/www.pihike.com\/index.php?rest_route=\/wp\/v2\/posts\/697"}],"collection":[{"href":"https:\/\/www.pihike.com\/index.php?rest_route=\/wp\/v2\/posts"}],"about":[{"href":"https:\/\/www.pihike.com\/index.php?rest_route=\/wp\/v2\/types\/post"}],"author":[{"embeddable":true,"href":"https:\/\/www.pihike.com\/index.php?rest_route=\/wp\/v2\/users\/1"}],"replies":[{"embeddable":true,"href":"https:\/\/www.pihike.com\/index.php?rest_route=%2Fwp%2Fv2%2Fcomments&post=697"}],"version-history":[{"count":1,"href":"https:\/\/www.pihike.com\/index.php?rest_route=\/wp\/v2\/posts\/697\/revisions"}],"predecessor-version":[{"id":699,"href":"https:\/\/www.pihike.com\/index.php?rest_route=\/wp\/v2\/posts\/697\/revisions\/699"}],"wp:featuredmedia":[{"embeddable":true,"href":"https:\/\/www.pihike.com\/index.php?rest_route=\/wp\/v2\/media\/698"}],"wp:attachment":[{"href":"https:\/\/www.pihike.com\/index.php?rest_route=%2Fwp%2Fv2%2Fmedia&parent=697"}],"wp:term":[{"taxonomy":"category","embeddable":true,"href":"https:\/\/www.pihike.com\/index.php?rest_route=%2Fwp%2Fv2%2Fcategories&post=697"},{"taxonomy":"post_tag","embeddable":true,"href":"https:\/\/www.pihike.com\/index.php?rest_route=%2Fwp%2Fv2%2Ftags&post=697"}],"curies":[{"name":"wp","href":"https:\/\/api.w.org\/{rel}","templated":true}]}}