{"id":397,"date":"2012-02-27T06:41:11","date_gmt":"2012-02-27T05:41:11","guid":{"rendered":"http:\/\/www.pihike.com\/?p=397"},"modified":"2012-02-27T06:41:11","modified_gmt":"2012-02-27T05:41:11","slug":"orveny","status":"publish","type":"post","link":"https:\/\/www.pihike.com\/?p=397","title":{"rendered":"\u00d6rv\u00e9ny"},"content":{"rendered":"<p><a href=\"http:\/\/www.pihike.com\/wp-content\/uploads\/2012\/02\/014_gazdasag_igazgatas_clip_image018.jpg\"><img loading=\"lazy\" decoding=\"async\" src=\"http:\/\/www.pihike.com\/wp-content\/uploads\/2012\/02\/014_gazdasag_igazgatas_clip_image018-300x193.jpg\" alt=\"\" title=\"014_gazdasag_igazgatas_clip_image018\" width=\"300\" height=\"193\" class=\"aligncenter size-medium wp-image-398\" srcset=\"https:\/\/www.pihike.com\/wp-content\/uploads\/2012\/02\/014_gazdasag_igazgatas_clip_image018-300x193.jpg 300w, https:\/\/www.pihike.com\/wp-content\/uploads\/2012\/02\/014_gazdasag_igazgatas_clip_image018.jpg 573w\" sizes=\"(max-width: 300px) 100vw, 300px\" \/><\/a><\/p>\n<p>T\u00e9l van, nagyon zord, kem\u00e9ny \u00e9s hideg. Megfagyott a puskapor a leveg\u0151ben, megfagytak a sz\u00edvek. Tal\u00e1n ez\u00e9rt t\u0171nt mindenki olyan kem\u00e9nynek. M\u00e1sk\u00e9pp ezt nem lehetett t\u00fal\u00e9lni \u2026<br \/>\nez m\u00e9g ma is k\u00e9rd\u00e9s bennem.<br \/>\n A n\u00e9gy gyermek \u00fatra k\u00e9szen, a sz\u00fcl\u0151k becsomagoltak tal\u00e1n mindent. Meleg ruha, hideg \u00e9lelem. Egy-egy kedvenc j\u00e1t\u00e9kot is magukkal vihettek a nagy \u00fatra.<br \/>\n S\u00edrni nem szabad, most nem. Jobb lesz nekik a t\u00e1volba, nem maradhatnak itt a h\u00e1bor\u00faban. Messzebb sincs b\u00e9ke, m\u00e9gis ott nagyobb biztons\u00e1gban lesznek.<br \/>\nA nagysz\u00fcl\u0151kh\u00f6z, Visegr\u00e1dra viszi \u0151ket a lovas kocsi. Nagymaroson sikeresen \u00e1tkelnek a Dun\u00e1n. A nagy tal\u00e1lkoz\u00e1s, \u00f6r\u00f6m k\u00f6nnyek , a f\u00e1jdalom beleolvad a mosolyokba, tal\u00e1n\u2026<br \/>\n Kicsi, meleg h\u00e1zban est\u00e9nk\u00e9nt gyertyaf\u00e9nyn\u00e9l melegednek. Hi\u00e1nyzik a papa,a mama.<br \/>\nKicsik m\u00e9g, de tudj\u00e1k, hogy nagyon v\u00e1rj\u00e1k \u0151ket odahaza. Nem tudni mennyi ideig maradnak messze, de a nagymami mindent kital\u00e1l, hogy kis id\u0151re feledtesse az otthon t\u00f6rt\u00e9nteket.<br \/>\nPuha meleg takar\u00f3. Reggelire kaka\u00f3. Aranysz\u00e9l\u0171 b\u00f6gr\u00e9be. F\u0151tt krumpli est\u00e9re.<br \/>\n Eltelt, ki tudja mennyi id\u0151. \u00dczenetek j\u00f6ttek-mentek, azt\u00e1n egy reggel a papa \u00fczent, hogy m\u00e1snap a gyerekek induljanak haza, a szomsz\u00e9d parton v\u00e1rj\u00e1k \u0151ket. Csend van itthon \u00e9s \u201eb\u00e9ke\u201d. Most m\u00e1r itthon sem lesznek vesz\u00e9lyben.<br \/>\n A kisl\u00e1nyok \u00f6r\u00fclnek. Mind a n\u00e9gyen l\u00e1nyok, gondolhatj\u00e1tok\u2026.<br \/>\n Este \u00f6sszecsomagolnak, nyugov\u00f3ra t\u00e9rnek. A nagymama rosszul alszik, hossz\u00fanak t\u0171nik az \u00e9jszaka.<br \/>\nReggel fel\u00e9bred, fel\u00fcl az \u00e1gy\u00e1ba \u00e9s mondja: \u201e Ne engedj\u00fck \u0151ket haza, olyan rosszat \u00e1lmodtam.\u201d \u2026 de v\u00e1rj\u00e1k \u0151ket. Hi\u00e1ba a k\u00f6ny\u00f6rg\u00e9s, a papa hajthatatlan.<br \/>\nReggeliznek a gyerekek, ragyog benn\u00fck a v\u00e1gyakoz\u00e1s, hogy nemsok\u00e1ra otthon lehetnek .<br \/>\n M\u00e9g egy utols\u00f3 \u00f6lel\u00e9s, cs\u00f3k, kereszt a homlokra. Mindig \u00edgy engedt\u00e9k \u0151ket \u00fatra.<br \/>\n\u201eA j\u00f3 Isten k\u00eds\u00e9rjen utatokon!\u201d \u2013 \u00e9s csak j\u00f6ttek a k\u00f6nnyek, j\u00f6ttek\u2026 A nagymama szomor\u00fa volt, bement a szob\u00e1j\u00e1ba, im\u00e1dkozni kezdett\u2026<br \/>\nA nagypapa k\u00eds\u00e9ri a gyerekeket a k\u00f6zeli partra. A Duna most nincs teljesen befagyva, nem lesz gond az \u00e1tkel\u00e9ssel. Be\u00fclnek a cs\u00f3nakba. Integet\u00e9s oda-vissza. A gyerekek vid\u00e1mak, hisz m\u00e9g gyerekek. \u2026 \u00e9s most boldogok is, mehetnek haza.<br \/>\n A nagypapa \u00e1ll a parton, szem\u00e9vel k\u00f6veti az utaz\u00e1st, j\u00f3 minden rendben.<br \/>\n Egyszer csak l\u00e1tja, hogy a cs\u00f3nak felborul, a gyerekek kiesnek \u00e9s nem is l\u00e1tja m\u00e1r \u0151ket. \u00d6sszecsapja k\u00e9t kez\u00e9t, uralkodik mag\u00e1n, de bel\u00fcl \u0151rj\u00f6ng \u00e9s f\u00e1j\u2026 a parton orosz katon\u00e1k is l\u00e1tj\u00e1k ezt , azonnal a cs\u00f3nakba \u00e9s m\u00e1ris mennek.<br \/>\n A gyerekek feje n\u00e9ha felbukkan. \u201e\u00d6rv\u00e9nyek! \u00d6rv\u00e9nyek!\u201d kiab\u00e1lnak a parton.<br \/>\nA parton \u00f3r\u00e1knak t\u0171nik minden , pedig pillanatok, percek teltek csak el.<br \/>\n A gyerekek \u00fajra a cs\u00f3nakba. Mind a n\u00e9gyen. A parton zokog\u00e1s. Kiviszik a gyerekeket.<br \/>\n Egy katona odaveszett. \u2026<br \/>\n A gyerekeket a katon\u00e1k, a j\u00f3 Isten, a vastag irhabunda \u00e9s m\u00e9g mi minden mentette meg&#8230;<br \/>\n A nagypapa a parton meg\u0151sz\u00fclt ez id\u0151 alatt. Sz\u00f3 szerint kifeh\u00e9redett a haja.<br \/>\n Csendben, nagyon csendben mentek vissza a h\u00e1zba.<br \/>\nA nagymama nem sz\u00f3lt semmit, megl\u00e1tta \u0151ket \u00e9s hozta a meleg vizet.<br \/>\n Lemosdatt\u00e1k \u0151ket, forr\u00f3 te\u00e1t \u00e9s meleg \u00e1gyat kaptak. A gyerekek most megszeppenve hallgattak. Ki tudja, hogy mi t\u00f6rt\u00e9nt a kis lelk\u00fckben, ah\u00e1nyan voltak annyif\u00e9lek\u00e9ppen \u00e9lt\u00e9k meg ezt a napot.<br \/>\nA gyerekek az\u00f3ta feln\u0151ttek lettek \u00e9s imm\u00e1r 64 \u00e9ve minden \u00e9vben elj\u00e1rnak ezen a napon Istentiszteletre.<\/p>\n<p>MoMo<br \/>\n2009.febru\u00e1r 27.<\/p>\n<p>1945.02.27. , igen ezen a napon t\u00f6rt\u00e9nt. Amikor anyuk\u00e1m \u00fajra \u00e9s \u00fajra elmes\u00e9li ezt a t\u00f6rt\u00e9netet&#8230; m\u00e9g mindig \u00e9rzem benne azt a f\u00e1jdalmat, amit kilenc\u00e9vesen \u00e1t\u00e9lhetett&#8230;.<\/p>\n","protected":false},"excerpt":{"rendered":"<p>T\u00e9l van, nagyon zord, kem\u00e9ny \u00e9s hideg. Megfagyott a puskapor a leveg\u0151ben, megfagytak a sz\u00edvek. Tal\u00e1n ez\u00e9rt t\u0171nt mindenki olyan kem\u00e9nynek. M\u00e1sk\u00e9pp ezt nem lehetett t\u00fal\u00e9lni \u2026 ez m\u00e9g ma is k\u00e9rd\u00e9s bennem. A n\u00e9gy gyermek \u00fatra k\u00e9szen, a sz\u00fcl\u0151k becsomagoltak tal\u00e1n mindent. Meleg ruha, hideg \u00e9lelem. Egy-egy kedvenc j\u00e1t\u00e9kot is magukkal vihettek a nagy [&hellip;]<\/p>\n","protected":false},"author":1,"featured_media":0,"comment_status":"open","ping_status":"open","sticky":false,"template":"","format":"standard","meta":{"footnotes":""},"categories":[1],"tags":[],"class_list":["post-397","post","type-post","status-publish","format-standard","hentry","category-nincs-kategorizalva"],"_links":{"self":[{"href":"https:\/\/www.pihike.com\/index.php?rest_route=\/wp\/v2\/posts\/397"}],"collection":[{"href":"https:\/\/www.pihike.com\/index.php?rest_route=\/wp\/v2\/posts"}],"about":[{"href":"https:\/\/www.pihike.com\/index.php?rest_route=\/wp\/v2\/types\/post"}],"author":[{"embeddable":true,"href":"https:\/\/www.pihike.com\/index.php?rest_route=\/wp\/v2\/users\/1"}],"replies":[{"embeddable":true,"href":"https:\/\/www.pihike.com\/index.php?rest_route=%2Fwp%2Fv2%2Fcomments&post=397"}],"version-history":[{"count":1,"href":"https:\/\/www.pihike.com\/index.php?rest_route=\/wp\/v2\/posts\/397\/revisions"}],"predecessor-version":[{"id":399,"href":"https:\/\/www.pihike.com\/index.php?rest_route=\/wp\/v2\/posts\/397\/revisions\/399"}],"wp:attachment":[{"href":"https:\/\/www.pihike.com\/index.php?rest_route=%2Fwp%2Fv2%2Fmedia&parent=397"}],"wp:term":[{"taxonomy":"category","embeddable":true,"href":"https:\/\/www.pihike.com\/index.php?rest_route=%2Fwp%2Fv2%2Fcategories&post=397"},{"taxonomy":"post_tag","embeddable":true,"href":"https:\/\/www.pihike.com\/index.php?rest_route=%2Fwp%2Fv2%2Ftags&post=397"}],"curies":[{"name":"wp","href":"https:\/\/api.w.org\/{rel}","templated":true}]}}