{"id":1052,"date":"2012-08-06T15:32:02","date_gmt":"2012-08-06T14:32:02","guid":{"rendered":"http:\/\/www.pihike.com\/?p=1052"},"modified":"2012-08-06T15:32:02","modified_gmt":"2012-08-06T14:32:02","slug":"intermezzo","status":"publish","type":"post","link":"https:\/\/www.pihike.com\/?p=1052","title":{"rendered":"Intermezzo"},"content":{"rendered":"<p>Intermezzo <\/p>\n<p>Valamikor r\u00e9ges-r\u00e9gen, r\u00e1m tal\u00e1lt ez a dallam,<br \/>\nsok\u00e1ig nem ismertem, c\u00edm\u00e9t nem jegyeztem,<br \/>\ncsak ott \u00e9lt a sz\u00edvemben &#8211; gy\u00f6ny\u00f6r\u0171en sz\u00f3lt &#8211;<br \/>\nsz\u00e1rnyalt velem a k\u00e9pzelet, soha nem feledtem.<br \/>\n&#8230;\u00c1lomk\u00e9pet hozott fel\u00e9m, tudtam \u00e9s v\u00e1rtam,<br \/>\nvalaki majd v\u00e1laszol, az \u00f5 sz\u00edv\u00e9ben is ny\u00e1r van;<br \/>\n\u00f6sszecseng most e kett\u0151, az \u00e9des szerelem<br \/>\n\u00e9s a muzsika &#8211; elvar\u00e1zsolt, itt van velem.<\/p>\n<p>http:\/\/www.youtube.com\/watch?v=eXvrehMhfGs<\/p>\n<p>Amikor hallom, olyan, mintha itt lenn\u00e9l m\u00e9g,<br \/>\nvar\u00e1zslat tart fogva, mintha nem is \u00e9n lenn\u00e9k,<br \/>\nte sz\u00f3ln\u00e1l hozz\u00e1m, kezed fogn\u00e1 a kezemet,<br \/>\nselymes sz\u00e1ddal simogatn\u00e1l, \u00e9des cs\u00f3kokkal<br \/>\nbec\u00e9zn\u00e9d a szememet, adn\u00e1l \u00e9s k\u00e9rn\u00e9l, b\u00edzn\u00e1l<br \/>\n\u00e9s szeretn\u00e9l, s akkor, elt\u0171nne a f\u00e1j\u00f3 messzes\u00e9g,<br \/>\nmert &#8211; ebben a gy\u00f6ny\u00f6r\u0171, meseb\u00e9li zen\u00e9ben,<br \/>\nott van a m\u00faltunk &#8211; a kezdet, a jelen \u00e9s a v\u00e9g.<\/p>\n<p>\/P. P\u00e1lffy Julianna\/<\/p>\n","protected":false},"excerpt":{"rendered":"<p>Intermezzo Valamikor r\u00e9ges-r\u00e9gen, r\u00e1m tal\u00e1lt ez a dallam, sok\u00e1ig nem ismertem, c\u00edm\u00e9t nem jegyeztem, csak ott \u00e9lt a sz\u00edvemben &#8211; gy\u00f6ny\u00f6r\u0171en sz\u00f3lt &#8211; sz\u00e1rnyalt velem a k\u00e9pzelet, soha nem feledtem. &#8230;\u00c1lomk\u00e9pet hozott fel\u00e9m, tudtam \u00e9s v\u00e1rtam, valaki majd v\u00e1laszol, az \u00f5 sz\u00edv\u00e9ben is ny\u00e1r van; \u00f6sszecseng most e kett\u0151, az \u00e9des szerelem \u00e9s a muzsika [&hellip;]<\/p>\n","protected":false},"author":1,"featured_media":0,"comment_status":"open","ping_status":"open","sticky":false,"template":"","format":"standard","meta":{"footnotes":""},"categories":[1],"tags":[],"class_list":["post-1052","post","type-post","status-publish","format-standard","hentry","category-nincs-kategorizalva"],"_links":{"self":[{"href":"https:\/\/www.pihike.com\/index.php?rest_route=\/wp\/v2\/posts\/1052"}],"collection":[{"href":"https:\/\/www.pihike.com\/index.php?rest_route=\/wp\/v2\/posts"}],"about":[{"href":"https:\/\/www.pihike.com\/index.php?rest_route=\/wp\/v2\/types\/post"}],"author":[{"embeddable":true,"href":"https:\/\/www.pihike.com\/index.php?rest_route=\/wp\/v2\/users\/1"}],"replies":[{"embeddable":true,"href":"https:\/\/www.pihike.com\/index.php?rest_route=%2Fwp%2Fv2%2Fcomments&post=1052"}],"version-history":[{"count":1,"href":"https:\/\/www.pihike.com\/index.php?rest_route=\/wp\/v2\/posts\/1052\/revisions"}],"predecessor-version":[{"id":1053,"href":"https:\/\/www.pihike.com\/index.php?rest_route=\/wp\/v2\/posts\/1052\/revisions\/1053"}],"wp:attachment":[{"href":"https:\/\/www.pihike.com\/index.php?rest_route=%2Fwp%2Fv2%2Fmedia&parent=1052"}],"wp:term":[{"taxonomy":"category","embeddable":true,"href":"https:\/\/www.pihike.com\/index.php?rest_route=%2Fwp%2Fv2%2Fcategories&post=1052"},{"taxonomy":"post_tag","embeddable":true,"href":"https:\/\/www.pihike.com\/index.php?rest_route=%2Fwp%2Fv2%2Ftags&post=1052"}],"curies":[{"name":"wp","href":"https:\/\/api.w.org\/{rel}","templated":true}]}}